{"id":6878,"date":"2026-04-22T10:36:45","date_gmt":"2026-04-22T08:36:45","guid":{"rendered":"https:\/\/www.paesesolidale.coop\/pasol\/?p=6878"},"modified":"2026-04-22T10:38:50","modified_gmt":"2026-04-22T08:38:50","slug":"assenza-terzo-settore-integrazione-migranti","status":"publish","type":"post","link":"https:\/\/www.paesesolidale.coop\/pasol\/assenza-terzo-settore-integrazione-migranti\/","title":{"rendered":"Senza Rete #7"},"content":{"rendered":"\t\t<div data-elementor-type=\"wp-post\" data-elementor-id=\"6878\" class=\"elementor elementor-6878\" data-elementor-post-type=\"post\">\n\t\t\t\t<div class=\"elementor-element elementor-element-4586f62e e-flex e-con-boxed e-con e-parent\" data-id=\"4586f62e\" data-element_type=\"container\" data-e-type=\"container\">\n\t\t\t\t\t<div class=\"e-con-inner\">\n\t\t\t\t<div class=\"elementor-element elementor-element-4361cc1c elementor-widget elementor-widget-heading\" data-id=\"4361cc1c\" data-element_type=\"widget\" data-e-type=\"widget\" data-widget_type=\"heading.default\">\n\t\t\t\t<div class=\"elementor-widget-container\">\n\t\t\t\t\t<h1 class=\"elementor-heading-title elementor-size-default\">Senza Rete<\/h1>\t\t\t\t<\/div>\n\t\t\t\t<\/div>\n\t\t\t\t<div class=\"elementor-element elementor-element-5018d8c9 elementor-widget elementor-widget-heading\" data-id=\"5018d8c9\" data-element_type=\"widget\" data-e-type=\"widget\" data-widget_type=\"heading.default\">\n\t\t\t\t<div class=\"elementor-widget-container\">\n\t\t\t\t\t<h3 class=\"elementor-heading-title elementor-size-default\">Il Compleanno di un'Invisibile<\/h3>\t\t\t\t<\/div>\n\t\t\t\t<\/div>\n\t\t<div class=\"elementor-element elementor-element-47115a49 e-grid e-con-full e-con e-child\" data-id=\"47115a49\" data-element_type=\"container\" data-e-type=\"container\">\n\t\t\t\t<div class=\"elementor-element elementor-element-4d4186bd elementor-widget elementor-widget-text-editor\" data-id=\"4d4186bd\" data-element_type=\"widget\" data-e-type=\"widget\" data-widget_type=\"text-editor.default\">\n\t\t\t\t<div class=\"elementor-widget-container\">\n\t\t\t\t\t\t\t\t\t<p><span style=\"font-weight: 400\">Adara oggi compie diciotto anni.<\/span><span style=\"font-weight: 400\"><br \/><\/span><span style=\"font-weight: 400\">La data \u00e8 segnata su un calendario dell\u2019ufficio comunale, in una cella piccola, senza colore. Non c\u2019\u00e8 nessuno che glielo ricordi. Nessuna voce che dica: <\/span><i><span style=\"font-weight: 400\">oggi cambia qualcosa<\/span><\/i><span style=\"font-weight: 400\">.<\/span><\/p><p><span style=\"font-weight: 400\">Un tempo, compiere diciotto anni voleva dire anche questo: qualcuno che ti spiegava cosa succede dopo, dove andare, chi chiamare. In questo mondo senza Terzo Settore, invece, i compleanni non sono passaggi, ma scadenze amministrative.<\/span><\/p><p><span style=\"font-weight: 400\">Adara \u00e8 seduto sul letto della stanza che non \u00e8 mai diventata davvero sua. La finestra d\u00e0 su un cortile che profuma di pane caldo e umidit\u00e0. \u00c8 arrivato in Italia da solo, pi\u00f9 di un anno fa. In un\u2019altra vita sarebbe entrato nella Rete Sai: un posto dove dormire, un tutore volontario, una scuola, un campo di calcio. Un nome pronunciato nel modo giusto.<\/span><\/p><p><span style=\"font-weight: 400\">Oggi no.<\/span><\/p>\t\t\t\t\t\t\t\t<\/div>\n\t\t\t\t<\/div>\n\t\t\t\t<div class=\"elementor-element elementor-element-24321056 elementor-widget elementor-widget-image\" data-id=\"24321056\" data-element_type=\"widget\" data-e-type=\"widget\" data-widget_type=\"image.default\">\n\t\t\t\t<div class=\"elementor-widget-container\">\n\t\t\t\t\t\t\t\t\t\t\t\t\t\t\t<img fetchpriority=\"high\" decoding=\"async\" width=\"1024\" height=\"683\" src=\"https:\/\/www.paesesolidale.coop\/pasol\/wp-content\/uploads\/2026\/04\/ChatGPT-Image-22-apr-2026-10_11_21-1-1024x683.png\" class=\"attachment-large size-large wp-image-6880\" alt=\"assenza terzo settore integrazione migranti ragazzo solo campo sportivo abbandonato\" srcset=\"https:\/\/www.paesesolidale.coop\/pasol\/wp-content\/uploads\/2026\/04\/ChatGPT-Image-22-apr-2026-10_11_21-1-1024x683.png 1024w, https:\/\/www.paesesolidale.coop\/pasol\/wp-content\/uploads\/2026\/04\/ChatGPT-Image-22-apr-2026-10_11_21-1-300x200.png 300w, https:\/\/www.paesesolidale.coop\/pasol\/wp-content\/uploads\/2026\/04\/ChatGPT-Image-22-apr-2026-10_11_21-1-768x512.png 768w, https:\/\/www.paesesolidale.coop\/pasol\/wp-content\/uploads\/2026\/04\/ChatGPT-Image-22-apr-2026-10_11_21-1-600x400.png 600w, https:\/\/www.paesesolidale.coop\/pasol\/wp-content\/uploads\/2026\/04\/ChatGPT-Image-22-apr-2026-10_11_21-1.png 1536w\" sizes=\"(max-width: 1024px) 100vw, 1024px\" \/>\t\t\t\t\t\t\t\t\t\t\t\t\t\t\t<\/div>\n\t\t\t\t<\/div>\n\t\t\t\t<\/div>\n\t\t\t\t<div class=\"elementor-element elementor-element-212c0e0e elementor-widget elementor-widget-text-editor\" data-id=\"212c0e0e\" data-element_type=\"widget\" data-e-type=\"widget\" data-widget_type=\"text-editor.default\">\n\t\t\t\t<div class=\"elementor-widget-container\">\n\t\t\t\t\t\t\t\t\t<p><span style=\"font-weight: 400\">I posti di accoglienza che un tempo trasformavano l\u2019arrivo in un inizio non esistono pi\u00f9. I tutori volontari sono spariti insieme alle associazioni che li formavano. Nessuno lo ha accompagnato alla fermata del bus delle 6.55. Nessuno gli ha spiegato che l\u2019integrazione non \u00e8 una parola gentile, ma una strada fatta di orari, regole, tentativi andati male e seconde possibilit\u00e0.<\/span><\/p><p><span style=\"font-weight: 400\">Adara esce di casa. Cammina rasente ai muri, come se il corpo potesse diventare pi\u00f9 piccolo. In strada la gente passa senza guardarlo. Non per ostilit\u00e0, ma per consuetudine. Senza mediatori, senza operatori, senza luoghi di incontro, l\u2019altro \u00e8 tornato a essere solo <\/span><i><span style=\"font-weight: 400\">uno sconosciuto<\/span><\/i><span style=\"font-weight: 400\">.<\/span><\/p><p><span style=\"font-weight: 400\">Davanti al campo sportivo trova il cancello chiuso. L\u2019erba \u00e8 alta, le porte non hanno pi\u00f9 le reti. Una volta bastava un pallone per diventare parte di qualcosa. Ora il silenzio rimbalza pi\u00f9 forte di qualsiasi tiro.<\/span><\/p><p><span style=\"font-weight: 400\">L\u2019integrazione, quando non viene costruita, non fallisce: semplicemente non accade. Non c\u2019\u00e8 conflitto, non c\u2019\u00e8 rifiuto. C\u2019\u00e8 un vuoto ordinato. Nessuno che ti dica dove sei. Nessuno che ti chieda dove vuoi andare.<\/span><\/p><p><span style=\"font-weight: 400\">Adara si ferma. Guarda il telefono. Nessun messaggio. Nessun numero da chiamare. Compie diciotto anni cos\u00ec: diventando adulto in un Paese che non ha mai imparato a riconoscerlo come ragazzo.<\/span><\/p><p><span style=\"font-weight: 400\">In questo mondo efficiente, i confini non sono pi\u00f9 alle frontiere. Sono nei corridoi vuoti, negli uffici senza sportelli, nei campi chiusi con un lucchetto.<\/span><span style=\"font-weight: 400\"><br \/><\/span><span style=\"font-weight: 400\">E l\u2019integrazione dei migranti non \u00e8 stata cancellata: \u00e8 rimasta senza mani, senza voce, senza qualcuno che la facesse accadere.<\/span><\/p>\t\t\t\t\t\t\t\t<\/div>\n\t\t\t\t<\/div>\n\t\t\t\t<div class=\"elementor-element elementor-element-209dbc11 elementor-widget elementor-widget-text-editor\" data-id=\"209dbc11\" data-element_type=\"widget\" data-e-type=\"widget\" data-widget_type=\"text-editor.default\">\n\t\t\t\t<div class=\"elementor-widget-container\">\n\t\t\t\t\t\t\t\t\t<p><em><strong data-start=\"2734\" data-end=\"2746\">Crediti:<\/strong> ispirato al libro\/rivista Provate a fare senza. Viaggio distopico in un mondo senza Terzo Settore, Vita.it, Marzo 2025.<\/em><\/p>\t\t\t\t\t\t\t\t<\/div>\n\t\t\t\t<\/div>\n\t\t\t\t\t<\/div>\n\t\t\t\t<\/div>\n\t\t\t\t<\/div>\n\t\t","protected":false},"excerpt":{"rendered":"<p>Senza Rete Il Compleanno di un&#8217;Invisibile Adara oggi compie diciotto anni.La data \u00e8 segnata su un calendario dell\u2019ufficio comunale, in una cella piccola, senza colore. Non c\u2019\u00e8 nessuno che glielo. <a class=\"read-more-link\" href=\"https:\/\/www.paesesolidale.coop\/pasol\/assenza-terzo-settore-integrazione-migranti\/\">Leggi tutto&#8230;<\/a><\/p>\n","protected":false},"author":8,"featured_media":6783,"comment_status":"closed","ping_status":"closed","sticky":false,"template":"","format":"standard","meta":{"footnotes":""},"categories":[5],"tags":[],"class_list":["post-6878","post","type-post","status-publish","format-standard","has-post-thumbnail","hentry","category-pasol-news"],"yoast_head":"<!-- This site is optimized with the Yoast SEO plugin v27.4 - https:\/\/yoast.com\/product\/yoast-seo-wordpress\/ -->\n<title>Assenza Terzo Settore e integrazione migranti<\/title>\n<meta name=\"description\" content=\"Un racconto distopico sull\u2019assenza del Terzo Settore e sull\u2019integrazione dei migranti, dimostrando cosa succede senza una rete.\" \/>\n<meta name=\"robots\" content=\"index, follow, max-snippet:-1, max-image-preview:large, max-video-preview:-1\" \/>\n<link rel=\"canonical\" href=\"https:\/\/www.paesesolidale.coop\/pasol\/assenza-terzo-settore-integrazione-migranti\/\" \/>\n<meta property=\"og:locale\" content=\"it_IT\" \/>\n<meta property=\"og:type\" content=\"article\" \/>\n<meta property=\"og:title\" content=\"Assenza Terzo Settore e integrazione migranti\" \/>\n<meta property=\"og:description\" content=\"Un racconto distopico sull\u2019assenza del Terzo Settore e sull\u2019integrazione dei migranti, dimostrando cosa succede senza una rete.\" \/>\n<meta property=\"og:url\" content=\"https:\/\/www.paesesolidale.coop\/pasol\/assenza-terzo-settore-integrazione-migranti\/\" \/>\n<meta property=\"og:site_name\" content=\"PA.SOL.\" \/>\n<meta property=\"article:publisher\" content=\"https:\/\/www.facebook.com\/pasol.onlus\" \/>\n<meta property=\"article:published_time\" content=\"2026-04-22T08:36:45+00:00\" \/>\n<meta property=\"article:modified_time\" content=\"2026-04-22T08:38:50+00:00\" \/>\n<meta property=\"og:image\" content=\"https:\/\/www.paesesolidale.coop\/pasol\/wp-content\/uploads\/2026\/01\/Senza-Rete.jpg\" \/>\n\t<meta property=\"og:image:width\" content=\"2240\" \/>\n\t<meta property=\"og:image:height\" content=\"1260\" \/>\n\t<meta property=\"og:image:type\" content=\"image\/jpeg\" \/>\n<meta name=\"author\" content=\"Comunicazione PA.SOL.\" \/>\n<meta name=\"twitter:card\" content=\"summary_large_image\" \/>\n<meta name=\"twitter:label1\" content=\"Scritto da\" \/>\n\t<meta name=\"twitter:data1\" content=\"Comunicazione PA.SOL.\" \/>\n\t<meta name=\"twitter:label2\" content=\"Tempo di lettura stimato\" \/>\n\t<meta name=\"twitter:data2\" content=\"3 minuti\" \/>\n<script type=\"application\/ld+json\" class=\"yoast-schema-graph\">{\"@context\":\"https:\\\/\\\/schema.org\",\"@graph\":[{\"@type\":\"Article\",\"@id\":\"https:\\\/\\\/www.paesesolidale.coop\\\/pasol\\\/assenza-terzo-settore-integrazione-migranti\\\/#article\",\"isPartOf\":{\"@id\":\"https:\\\/\\\/www.paesesolidale.coop\\\/pasol\\\/assenza-terzo-settore-integrazione-migranti\\\/\"},\"author\":{\"name\":\"Comunicazione PA.SOL.\",\"@id\":\"https:\\\/\\\/www.paesesolidale.coop\\\/pasol\\\/#\\\/schema\\\/person\\\/2bb7fea7e63f515bc3d0b282002068d4\"},\"headline\":\"Senza Rete #7\",\"datePublished\":\"2026-04-22T08:36:45+00:00\",\"dateModified\":\"2026-04-22T08:38:50+00:00\",\"mainEntityOfPage\":{\"@id\":\"https:\\\/\\\/www.paesesolidale.coop\\\/pasol\\\/assenza-terzo-settore-integrazione-migranti\\\/\"},\"wordCount\":412,\"image\":{\"@id\":\"https:\\\/\\\/www.paesesolidale.coop\\\/pasol\\\/assenza-terzo-settore-integrazione-migranti\\\/#primaryimage\"},\"thumbnailUrl\":\"https:\\\/\\\/www.paesesolidale.coop\\\/pasol\\\/wp-content\\\/uploads\\\/2026\\\/01\\\/Senza-Rete.jpg\",\"articleSection\":[\"PA.SOL. News\"],\"inLanguage\":\"it-IT\"},{\"@type\":\"WebPage\",\"@id\":\"https:\\\/\\\/www.paesesolidale.coop\\\/pasol\\\/assenza-terzo-settore-integrazione-migranti\\\/\",\"url\":\"https:\\\/\\\/www.paesesolidale.coop\\\/pasol\\\/assenza-terzo-settore-integrazione-migranti\\\/\",\"name\":\"Assenza Terzo Settore e integrazione migranti\",\"isPartOf\":{\"@id\":\"https:\\\/\\\/www.paesesolidale.coop\\\/pasol\\\/#website\"},\"primaryImageOfPage\":{\"@id\":\"https:\\\/\\\/www.paesesolidale.coop\\\/pasol\\\/assenza-terzo-settore-integrazione-migranti\\\/#primaryimage\"},\"image\":{\"@id\":\"https:\\\/\\\/www.paesesolidale.coop\\\/pasol\\\/assenza-terzo-settore-integrazione-migranti\\\/#primaryimage\"},\"thumbnailUrl\":\"https:\\\/\\\/www.paesesolidale.coop\\\/pasol\\\/wp-content\\\/uploads\\\/2026\\\/01\\\/Senza-Rete.jpg\",\"datePublished\":\"2026-04-22T08:36:45+00:00\",\"dateModified\":\"2026-04-22T08:38:50+00:00\",\"author\":{\"@id\":\"https:\\\/\\\/www.paesesolidale.coop\\\/pasol\\\/#\\\/schema\\\/person\\\/2bb7fea7e63f515bc3d0b282002068d4\"},\"description\":\"Un racconto distopico sull\u2019assenza del Terzo Settore e sull\u2019integrazione dei migranti, dimostrando cosa succede senza una rete.\",\"breadcrumb\":{\"@id\":\"https:\\\/\\\/www.paesesolidale.coop\\\/pasol\\\/assenza-terzo-settore-integrazione-migranti\\\/#breadcrumb\"},\"inLanguage\":\"it-IT\",\"potentialAction\":[{\"@type\":\"ReadAction\",\"target\":[\"https:\\\/\\\/www.paesesolidale.coop\\\/pasol\\\/assenza-terzo-settore-integrazione-migranti\\\/\"]}]},{\"@type\":\"ImageObject\",\"inLanguage\":\"it-IT\",\"@id\":\"https:\\\/\\\/www.paesesolidale.coop\\\/pasol\\\/assenza-terzo-settore-integrazione-migranti\\\/#primaryimage\",\"url\":\"https:\\\/\\\/www.paesesolidale.coop\\\/pasol\\\/wp-content\\\/uploads\\\/2026\\\/01\\\/Senza-Rete.jpg\",\"contentUrl\":\"https:\\\/\\\/www.paesesolidale.coop\\\/pasol\\\/wp-content\\\/uploads\\\/2026\\\/01\\\/Senza-Rete.jpg\",\"width\":2240,\"height\":1260},{\"@type\":\"BreadcrumbList\",\"@id\":\"https:\\\/\\\/www.paesesolidale.coop\\\/pasol\\\/assenza-terzo-settore-integrazione-migranti\\\/#breadcrumb\",\"itemListElement\":[{\"@type\":\"ListItem\",\"position\":1,\"name\":\"Home\",\"item\":\"https:\\\/\\\/www.paesesolidale.coop\\\/pasol\\\/\"},{\"@type\":\"ListItem\",\"position\":2,\"name\":\"Senza Rete #7\"}]},{\"@type\":\"WebSite\",\"@id\":\"https:\\\/\\\/www.paesesolidale.coop\\\/pasol\\\/#website\",\"url\":\"https:\\\/\\\/www.paesesolidale.coop\\\/pasol\\\/\",\"name\":\"PA.SOL.\",\"description\":\"\",\"potentialAction\":[{\"@type\":\"SearchAction\",\"target\":{\"@type\":\"EntryPoint\",\"urlTemplate\":\"https:\\\/\\\/www.paesesolidale.coop\\\/pasol\\\/?s={search_term_string}\"},\"query-input\":{\"@type\":\"PropertyValueSpecification\",\"valueRequired\":true,\"valueName\":\"search_term_string\"}}],\"inLanguage\":\"it-IT\"},{\"@type\":\"Person\",\"@id\":\"https:\\\/\\\/www.paesesolidale.coop\\\/pasol\\\/#\\\/schema\\\/person\\\/2bb7fea7e63f515bc3d0b282002068d4\",\"name\":\"Comunicazione PA.SOL.\",\"image\":{\"@type\":\"ImageObject\",\"inLanguage\":\"it-IT\",\"@id\":\"https:\\\/\\\/secure.gravatar.com\\\/avatar\\\/31431de6226f2b39664ceab809bd08de4e9ea085b827f69def5b546253765484?s=96&d=mm&r=g\",\"url\":\"https:\\\/\\\/secure.gravatar.com\\\/avatar\\\/31431de6226f2b39664ceab809bd08de4e9ea085b827f69def5b546253765484?s=96&d=mm&r=g\",\"contentUrl\":\"https:\\\/\\\/secure.gravatar.com\\\/avatar\\\/31431de6226f2b39664ceab809bd08de4e9ea085b827f69def5b546253765484?s=96&d=mm&r=g\",\"caption\":\"Comunicazione PA.SOL.\"},\"url\":\"https:\\\/\\\/www.paesesolidale.coop\\\/pasol\\\/author\\\/comunicazione\\\/\"}]}<\/script>\n<!-- \/ Yoast SEO plugin. -->","yoast_head_json":{"title":"Assenza Terzo Settore e integrazione migranti","description":"Un racconto distopico sull\u2019assenza del Terzo Settore e sull\u2019integrazione dei migranti, dimostrando cosa succede senza una rete.","robots":{"index":"index","follow":"follow","max-snippet":"max-snippet:-1","max-image-preview":"max-image-preview:large","max-video-preview":"max-video-preview:-1"},"canonical":"https:\/\/www.paesesolidale.coop\/pasol\/assenza-terzo-settore-integrazione-migranti\/","og_locale":"it_IT","og_type":"article","og_title":"Assenza Terzo Settore e integrazione migranti","og_description":"Un racconto distopico sull\u2019assenza del Terzo Settore e sull\u2019integrazione dei migranti, dimostrando cosa succede senza una rete.","og_url":"https:\/\/www.paesesolidale.coop\/pasol\/assenza-terzo-settore-integrazione-migranti\/","og_site_name":"PA.SOL.","article_publisher":"https:\/\/www.facebook.com\/pasol.onlus","article_published_time":"2026-04-22T08:36:45+00:00","article_modified_time":"2026-04-22T08:38:50+00:00","og_image":[{"width":2240,"height":1260,"url":"https:\/\/www.paesesolidale.coop\/pasol\/wp-content\/uploads\/2026\/01\/Senza-Rete.jpg","type":"image\/jpeg"}],"author":"Comunicazione PA.SOL.","twitter_card":"summary_large_image","twitter_misc":{"Scritto da":"Comunicazione PA.SOL.","Tempo di lettura stimato":"3 minuti"},"schema":{"@context":"https:\/\/schema.org","@graph":[{"@type":"Article","@id":"https:\/\/www.paesesolidale.coop\/pasol\/assenza-terzo-settore-integrazione-migranti\/#article","isPartOf":{"@id":"https:\/\/www.paesesolidale.coop\/pasol\/assenza-terzo-settore-integrazione-migranti\/"},"author":{"name":"Comunicazione PA.SOL.","@id":"https:\/\/www.paesesolidale.coop\/pasol\/#\/schema\/person\/2bb7fea7e63f515bc3d0b282002068d4"},"headline":"Senza Rete #7","datePublished":"2026-04-22T08:36:45+00:00","dateModified":"2026-04-22T08:38:50+00:00","mainEntityOfPage":{"@id":"https:\/\/www.paesesolidale.coop\/pasol\/assenza-terzo-settore-integrazione-migranti\/"},"wordCount":412,"image":{"@id":"https:\/\/www.paesesolidale.coop\/pasol\/assenza-terzo-settore-integrazione-migranti\/#primaryimage"},"thumbnailUrl":"https:\/\/www.paesesolidale.coop\/pasol\/wp-content\/uploads\/2026\/01\/Senza-Rete.jpg","articleSection":["PA.SOL. News"],"inLanguage":"it-IT"},{"@type":"WebPage","@id":"https:\/\/www.paesesolidale.coop\/pasol\/assenza-terzo-settore-integrazione-migranti\/","url":"https:\/\/www.paesesolidale.coop\/pasol\/assenza-terzo-settore-integrazione-migranti\/","name":"Assenza Terzo Settore e integrazione migranti","isPartOf":{"@id":"https:\/\/www.paesesolidale.coop\/pasol\/#website"},"primaryImageOfPage":{"@id":"https:\/\/www.paesesolidale.coop\/pasol\/assenza-terzo-settore-integrazione-migranti\/#primaryimage"},"image":{"@id":"https:\/\/www.paesesolidale.coop\/pasol\/assenza-terzo-settore-integrazione-migranti\/#primaryimage"},"thumbnailUrl":"https:\/\/www.paesesolidale.coop\/pasol\/wp-content\/uploads\/2026\/01\/Senza-Rete.jpg","datePublished":"2026-04-22T08:36:45+00:00","dateModified":"2026-04-22T08:38:50+00:00","author":{"@id":"https:\/\/www.paesesolidale.coop\/pasol\/#\/schema\/person\/2bb7fea7e63f515bc3d0b282002068d4"},"description":"Un racconto distopico sull\u2019assenza del Terzo Settore e sull\u2019integrazione dei migranti, dimostrando cosa succede senza una rete.","breadcrumb":{"@id":"https:\/\/www.paesesolidale.coop\/pasol\/assenza-terzo-settore-integrazione-migranti\/#breadcrumb"},"inLanguage":"it-IT","potentialAction":[{"@type":"ReadAction","target":["https:\/\/www.paesesolidale.coop\/pasol\/assenza-terzo-settore-integrazione-migranti\/"]}]},{"@type":"ImageObject","inLanguage":"it-IT","@id":"https:\/\/www.paesesolidale.coop\/pasol\/assenza-terzo-settore-integrazione-migranti\/#primaryimage","url":"https:\/\/www.paesesolidale.coop\/pasol\/wp-content\/uploads\/2026\/01\/Senza-Rete.jpg","contentUrl":"https:\/\/www.paesesolidale.coop\/pasol\/wp-content\/uploads\/2026\/01\/Senza-Rete.jpg","width":2240,"height":1260},{"@type":"BreadcrumbList","@id":"https:\/\/www.paesesolidale.coop\/pasol\/assenza-terzo-settore-integrazione-migranti\/#breadcrumb","itemListElement":[{"@type":"ListItem","position":1,"name":"Home","item":"https:\/\/www.paesesolidale.coop\/pasol\/"},{"@type":"ListItem","position":2,"name":"Senza Rete #7"}]},{"@type":"WebSite","@id":"https:\/\/www.paesesolidale.coop\/pasol\/#website","url":"https:\/\/www.paesesolidale.coop\/pasol\/","name":"PA.SOL.","description":"","potentialAction":[{"@type":"SearchAction","target":{"@type":"EntryPoint","urlTemplate":"https:\/\/www.paesesolidale.coop\/pasol\/?s={search_term_string}"},"query-input":{"@type":"PropertyValueSpecification","valueRequired":true,"valueName":"search_term_string"}}],"inLanguage":"it-IT"},{"@type":"Person","@id":"https:\/\/www.paesesolidale.coop\/pasol\/#\/schema\/person\/2bb7fea7e63f515bc3d0b282002068d4","name":"Comunicazione PA.SOL.","image":{"@type":"ImageObject","inLanguage":"it-IT","@id":"https:\/\/secure.gravatar.com\/avatar\/31431de6226f2b39664ceab809bd08de4e9ea085b827f69def5b546253765484?s=96&d=mm&r=g","url":"https:\/\/secure.gravatar.com\/avatar\/31431de6226f2b39664ceab809bd08de4e9ea085b827f69def5b546253765484?s=96&d=mm&r=g","contentUrl":"https:\/\/secure.gravatar.com\/avatar\/31431de6226f2b39664ceab809bd08de4e9ea085b827f69def5b546253765484?s=96&d=mm&r=g","caption":"Comunicazione PA.SOL."},"url":"https:\/\/www.paesesolidale.coop\/pasol\/author\/comunicazione\/"}]}},"_links":{"self":[{"href":"https:\/\/www.paesesolidale.coop\/pasol\/wp-json\/wp\/v2\/posts\/6878","targetHints":{"allow":["GET"]}}],"collection":[{"href":"https:\/\/www.paesesolidale.coop\/pasol\/wp-json\/wp\/v2\/posts"}],"about":[{"href":"https:\/\/www.paesesolidale.coop\/pasol\/wp-json\/wp\/v2\/types\/post"}],"author":[{"embeddable":true,"href":"https:\/\/www.paesesolidale.coop\/pasol\/wp-json\/wp\/v2\/users\/8"}],"replies":[{"embeddable":true,"href":"https:\/\/www.paesesolidale.coop\/pasol\/wp-json\/wp\/v2\/comments?post=6878"}],"version-history":[{"count":9,"href":"https:\/\/www.paesesolidale.coop\/pasol\/wp-json\/wp\/v2\/posts\/6878\/revisions"}],"predecessor-version":[{"id":6888,"href":"https:\/\/www.paesesolidale.coop\/pasol\/wp-json\/wp\/v2\/posts\/6878\/revisions\/6888"}],"wp:featuredmedia":[{"embeddable":true,"href":"https:\/\/www.paesesolidale.coop\/pasol\/wp-json\/wp\/v2\/media\/6783"}],"wp:attachment":[{"href":"https:\/\/www.paesesolidale.coop\/pasol\/wp-json\/wp\/v2\/media?parent=6878"}],"wp:term":[{"taxonomy":"category","embeddable":true,"href":"https:\/\/www.paesesolidale.coop\/pasol\/wp-json\/wp\/v2\/categories?post=6878"},{"taxonomy":"post_tag","embeddable":true,"href":"https:\/\/www.paesesolidale.coop\/pasol\/wp-json\/wp\/v2\/tags?post=6878"}],"curies":[{"name":"wp","href":"https:\/\/api.w.org\/{rel}","templated":true}]}}